{"id":43,"date":"2025-09-30T16:33:12","date_gmt":"2025-09-30T14:33:12","guid":{"rendered":"https:\/\/mittelstandsforum.org\/thueringen\/?p=43"},"modified":"2025-09-30T16:34:47","modified_gmt":"2025-09-30T14:34:47","slug":"joerg-prophet-neuer-repraesentant-des-mittelstandsforums-in-thueringen","status":"publish","type":"post","link":"https:\/\/mittelstandsforum.org\/thueringen\/joerg-prophet-neuer-repraesentant-des-mittelstandsforums-in-thueringen\/","title":{"rendered":"J\u00f6rg Prophet \u2013 Neuer Repr\u00e4sentant des Mittelstandsforums in Th\u00fcringen"},"content":{"rendered":"<p data-start=\"357\" data-end=\"547\">Das Mittelstandsforum f\u00fcr Deutschland e.V. freut sich, mit <strong data-start=\"416\" data-end=\"432\">J\u00f6rg Prophet<\/strong> einen erfahrenen Unternehmer und politischen Gestalter als neuen Repr\u00e4sentanten in Th\u00fcringen begr\u00fc\u00dfen zu d\u00fcrfen.<\/p>\n<p data-start=\"549\" data-end=\"999\">Prophet blickt auf mehr als vier Jahrzehnte im Maschinenbau und Unternehmertum zur\u00fcck. Nach seiner Ausbildung zum Maschinen- und Anlagenmonteur und ersten Stationen im VEB NOBAS \u00fcbernahm er bereits fr\u00fch Verantwortung als Produktionsleiter und Betriebsleiter. 1993 gr\u00fcndete er die MPM Prophet GmbH, die er drei Jahrzehnte erfolgreich f\u00fchrte. Parallel leitete er seit 2002 die SZW Prophet GmbH. Heute ist er als freiberuflicher Berater t\u00e4tig.<\/p>\n<p data-start=\"1001\" data-end=\"1320\">Neben seiner beruflichen Laufbahn engagiert sich Prophet seit vielen Jahren kommunal- und landespolitisch. Er ist Mitglied und Vorsitzender der AfD-Fraktion im Kreistag Nordhausen sowie seit 2024 wirtschaftspolitischer Sprecher und Sprecher f\u00fcr die Aufarbeitung des DDR-Unrechts der AfD-Fraktion im Th\u00fcringer Landtag.<\/p>\n<p data-start=\"1322\" data-end=\"1695\">Mit seiner doppelten Erfahrung als Unternehmer und Parlamentarier wird J\u00f6rg Prophet die Arbeit des Mittelstandsforums in Th\u00fcringen entscheidend st\u00e4rken. Sein zentrales Anliegen ist es, die Stimme des Mittelstands in Politik und \u00d6ffentlichkeit klar und kraftvoll zu vertreten und praxisnahe L\u00f6sungen f\u00fcr die Herausforderungen kleiner und mittlerer Unternehmen aufzuzeigen.<\/p>\n<p data-start=\"1697\" data-end=\"1781\">Wir hei\u00dfen J\u00f6rg Prophet herzlich willkommen und freuen uns auf die Zusammenarbeit!<\/p>\n","protected":false},"excerpt":{"rendered":"<p>Das Mittelstandsforum f\u00fcr Deutschland e.V. freut sich, mit J\u00f6rg Prophet einen erfahrenen Unternehmer und politischen Gestalter als neuen Repr\u00e4sentanten in Th\u00fcringen begr\u00fc\u00dfen zu d\u00fcrfen. Prophet blickt auf mehr als vier Jahrzehnte im Maschinenbau und Unternehmertum zur\u00fcck. Nach seiner Ausbildung zum Maschinen- und Anlagenmonteur und ersten Stationen im VEB NOBAS \u00fcbernahm er bereits fr\u00fch Verantwortung als [&hellip;]<\/p>\n","protected":false},"author":5,"featured_media":28,"comment_status":"open","ping_status":"open","sticky":false,"template":"","format":"standard","meta":{"_acf_changed":false,"footnotes":""},"categories":[1],"tags":[],"class_list":["post-43","post","type-post","status-publish","format-standard","has-post-thumbnail","hentry","category-allgemein"],"acf":[],"_links":{"self":[{"href":"https:\/\/mittelstandsforum.org\/thueringen\/wp-json\/wp\/v2\/posts\/43","targetHints":{"allow":["GET"]}}],"collection":[{"href":"https:\/\/mittelstandsforum.org\/thueringen\/wp-json\/wp\/v2\/posts"}],"about":[{"href":"https:\/\/mittelstandsforum.org\/thueringen\/wp-json\/wp\/v2\/types\/post"}],"author":[{"embeddable":true,"href":"https:\/\/mittelstandsforum.org\/thueringen\/wp-json\/wp\/v2\/users\/5"}],"replies":[{"embeddable":true,"href":"https:\/\/mittelstandsforum.org\/thueringen\/wp-json\/wp\/v2\/comments?post=43"}],"version-history":[{"count":6,"href":"https:\/\/mittelstandsforum.org\/thueringen\/wp-json\/wp\/v2\/posts\/43\/revisions"}],"predecessor-version":[{"id":51,"href":"https:\/\/mittelstandsforum.org\/thueringen\/wp-json\/wp\/v2\/posts\/43\/revisions\/51"}],"wp:featuredmedia":[{"embeddable":true,"href":"https:\/\/mittelstandsforum.org\/thueringen\/wp-json\/wp\/v2\/media\/28"}],"wp:attachment":[{"href":"https:\/\/mittelstandsforum.org\/thueringen\/wp-json\/wp\/v2\/media?parent=43"}],"wp:term":[{"taxonomy":"category","embeddable":true,"href":"https:\/\/mittelstandsforum.org\/thueringen\/wp-json\/wp\/v2\/categories?post=43"},{"taxonomy":"post_tag","embeddable":true,"href":"https:\/\/mittelstandsforum.org\/thueringen\/wp-json\/wp\/v2\/tags?post=43"}],"curies":[{"name":"wp","href":"https:\/\/api.w.org\/{rel}","templated":true}]}}