{"id":207,"date":"2026-03-30T09:47:26","date_gmt":"2026-03-30T07:47:26","guid":{"rendered":"https:\/\/mittelstandsforum.org\/thueringen\/?p=207"},"modified":"2026-04-30T12:22:09","modified_gmt":"2026-04-30T10:22:09","slug":"erstes-unternehmerfruehstueck-des-msf-thueringen","status":"publish","type":"post","link":"https:\/\/mittelstandsforum.org\/thueringen\/erstes-unternehmerfruehstueck-des-msf-thueringen\/","title":{"rendered":"Einladung: Unternehmerfr\u00fchst\u00fcck des MSF Th\u00fcringen"},"content":{"rendered":"<p class=\"p3\">Mit dem Ziel, den wirtschaftspolitischen Dialog im Freistaat zu st\u00e4rken und Unternehmer zu vernetzen, l\u00e4dt das Mittelstandsforum f\u00fcr Deutschland e. V. (MSF) zum ersten Unternehmerfr\u00fchst\u00fcck in Th\u00fcringen ein. Im Mittelpunkt der Veranstaltung steht der pers\u00f6nliche Austausch mit dem Th\u00fcringer Repr\u00e4sentanten des MSF, dem Nordh\u00e4user AfD-Landtagsabgeordneten J\u00f6rg Prophet\u2026<\/p>\n<p class=\"p3\">Mit der Berufung von J\u00f6rg Prophet soll der Aufbau tragf\u00e4higer Strukturen des Mittelstandsforums in Th\u00fcringen beginnen. Das MSF versteht sich als unabh\u00e4ngiger Unternehmerverband, der die Interessen der deutschen Wirtschaft b\u00fcndelt und wirtschaftspolitische Impulse in den politischen Diskurs einbringt. Das Unternehmerfr\u00fchst\u00fcck soll eine Plattform f\u00fcr Unternehmer, Selbstst\u00e4ndige sowie wirtschaftlich engagierte Pers\u00f6nlichkeiten bieten, um sich kennenzulernen, auszutauschen und gemeinsam Perspektiven\u00a0f\u00fcr den Wirtschaftsstandort Th\u00fcringen zu entwickeln.<\/p>\n<ul>\n<li><b>Veranstaltungsdetails:\u00a0<\/b><b>Erstes Unternehmerfr\u00fchst\u00fcck des MSF Th\u00fcringen<\/b><\/li>\n<li>Sonntag, 26. April 2026, 10:00 Uhr &#8211; SZW Prophet GmbH, 98694 Ilmenau OT Gehren<\/li>\n<\/ul>\n<div>\n<p>Im Rahmen der Veranstaltung wird das Mittelstandsforum f\u00fcr Deutschland e.V. vorgestellt. Dar\u00fcber hinaus besteht die M\u00f6glichkeit zur pers\u00f6nlichen Vernetzung. Den Abschluss bildet eine F\u00fchrung durch das Unternehmen SZW Prophet GmbH. Interessierte werden gebeten, sich bis sp\u00e4testens 17. April 2026 verbindlich anzumelden unter: <a class=\"ms-outlook-linkify\" href=\"mailto:thueringen@mittelstandsforum.org\">thueringen@mittelstandsforum.org<\/a><\/p>\n<\/div>\n","protected":false},"excerpt":{"rendered":"<p>Mit dem Ziel, den wirtschaftspolitischen Dialog im Freistaat zu st\u00e4rken und Unternehmer zu vernetzen, l\u00e4dt das Mittelstandsforum f\u00fcr Deutschland e. V. (MSF) zum ersten Unternehmerfr\u00fchst\u00fcck in Th\u00fcringen ein. Im Mittelpunkt der Veranstaltung steht der pers\u00f6nliche Austausch mit dem Th\u00fcringer Repr\u00e4sentanten des MSF, dem Nordh\u00e4user AfD-Landtagsabgeordneten J\u00f6rg Prophet\u2026 Mit der Berufung von J\u00f6rg Prophet soll der [&hellip;]<\/p>\n","protected":false},"author":5,"featured_media":208,"comment_status":"open","ping_status":"open","sticky":false,"template":"","format":"standard","meta":{"_acf_changed":false,"footnotes":""},"categories":[1],"tags":[],"class_list":["post-207","post","type-post","status-publish","format-standard","has-post-thumbnail","hentry","category-allgemein"],"acf":[],"_links":{"self":[{"href":"https:\/\/mittelstandsforum.org\/thueringen\/wp-json\/wp\/v2\/posts\/207","targetHints":{"allow":["GET"]}}],"collection":[{"href":"https:\/\/mittelstandsforum.org\/thueringen\/wp-json\/wp\/v2\/posts"}],"about":[{"href":"https:\/\/mittelstandsforum.org\/thueringen\/wp-json\/wp\/v2\/types\/post"}],"author":[{"embeddable":true,"href":"https:\/\/mittelstandsforum.org\/thueringen\/wp-json\/wp\/v2\/users\/5"}],"replies":[{"embeddable":true,"href":"https:\/\/mittelstandsforum.org\/thueringen\/wp-json\/wp\/v2\/comments?post=207"}],"version-history":[{"count":8,"href":"https:\/\/mittelstandsforum.org\/thueringen\/wp-json\/wp\/v2\/posts\/207\/revisions"}],"predecessor-version":[{"id":232,"href":"https:\/\/mittelstandsforum.org\/thueringen\/wp-json\/wp\/v2\/posts\/207\/revisions\/232"}],"wp:featuredmedia":[{"embeddable":true,"href":"https:\/\/mittelstandsforum.org\/thueringen\/wp-json\/wp\/v2\/media\/208"}],"wp:attachment":[{"href":"https:\/\/mittelstandsforum.org\/thueringen\/wp-json\/wp\/v2\/media?parent=207"}],"wp:term":[{"taxonomy":"category","embeddable":true,"href":"https:\/\/mittelstandsforum.org\/thueringen\/wp-json\/wp\/v2\/categories?post=207"},{"taxonomy":"post_tag","embeddable":true,"href":"https:\/\/mittelstandsforum.org\/thueringen\/wp-json\/wp\/v2\/tags?post=207"}],"curies":[{"name":"wp","href":"https:\/\/api.w.org\/{rel}","templated":true}]}}