{"id":121,"date":"2025-12-26T00:04:43","date_gmt":"2025-12-25T23:04:43","guid":{"rendered":"https:\/\/mittelstandsforum.org\/berlin\/?p=121"},"modified":"2025-12-26T00:08:41","modified_gmt":"2025-12-25T23:08:41","slug":"msf-berlin-macht-brics-zum-thema-2","status":"publish","type":"post","link":"https:\/\/mittelstandsforum.org\/berlin\/msf-berlin-macht-brics-zum-thema-2\/","title":{"rendered":"Der Mittelstand und die BRICS Staaten"},"content":{"rendered":"<p>Das Mittelstandsforum f\u00fcr Deutschland e.V. veranstaltet unter Organisator Frank Scheermesser einen Infoabend zum Thema BRICS. Das Gru\u00dfwort an die G\u00e4ste richteten Dr. Kristin Brinker und MdB Sebastian Maack. Referent des Abends war MdB Dr. Rainer Rothfu\u00df. Rothfu\u00df gilt als Fachmann f\u00fcr Geopolitik und guter Kenner der BRICS-Staaten.<\/p>\n<p>Ein kurzweiliger und gut besuchter Informationsabend und die wichtige Erkenntnis f\u00fcr den Mittelstand, dass Deutschland und Europa wichtige Handelspartner in den BRICS L\u00e4ndern finden k\u00f6nnen.<\/p>\n","protected":false},"excerpt":{"rendered":"<p>Das Mittelstandsforum f\u00fcr Deutschland e.V. veranstaltet unter Organisator Frank Scheermesser einen Infoabend zum Thema BRICS. Das Gru\u00dfwort an die G\u00e4ste richteten Dr. Kristin Brinker und MdB Sebastian Maack. Referent des Abends war MdB Dr. Rainer Rothfu\u00df. Rothfu\u00df gilt als Fachmann f\u00fcr Geopolitik und guter Kenner der BRICS-Staaten. Ein kurzweiliger und gut besuchter Informationsabend und die [&hellip;]<\/p>\n","protected":false},"author":19,"featured_media":123,"comment_status":"open","ping_status":"open","sticky":false,"template":"","format":"standard","meta":{"_acf_changed":false,"footnotes":""},"categories":[1],"tags":[],"class_list":["post-121","post","type-post","status-publish","format-standard","has-post-thumbnail","hentry","category-allgemein"],"acf":[],"_links":{"self":[{"href":"https:\/\/mittelstandsforum.org\/berlin\/wp-json\/wp\/v2\/posts\/121","targetHints":{"allow":["GET"]}}],"collection":[{"href":"https:\/\/mittelstandsforum.org\/berlin\/wp-json\/wp\/v2\/posts"}],"about":[{"href":"https:\/\/mittelstandsforum.org\/berlin\/wp-json\/wp\/v2\/types\/post"}],"author":[{"embeddable":true,"href":"https:\/\/mittelstandsforum.org\/berlin\/wp-json\/wp\/v2\/users\/19"}],"replies":[{"embeddable":true,"href":"https:\/\/mittelstandsforum.org\/berlin\/wp-json\/wp\/v2\/comments?post=121"}],"version-history":[{"count":6,"href":"https:\/\/mittelstandsforum.org\/berlin\/wp-json\/wp\/v2\/posts\/121\/revisions"}],"predecessor-version":[{"id":128,"href":"https:\/\/mittelstandsforum.org\/berlin\/wp-json\/wp\/v2\/posts\/121\/revisions\/128"}],"wp:featuredmedia":[{"embeddable":true,"href":"https:\/\/mittelstandsforum.org\/berlin\/wp-json\/wp\/v2\/media\/123"}],"wp:attachment":[{"href":"https:\/\/mittelstandsforum.org\/berlin\/wp-json\/wp\/v2\/media?parent=121"}],"wp:term":[{"taxonomy":"category","embeddable":true,"href":"https:\/\/mittelstandsforum.org\/berlin\/wp-json\/wp\/v2\/categories?post=121"},{"taxonomy":"post_tag","embeddable":true,"href":"https:\/\/mittelstandsforum.org\/berlin\/wp-json\/wp\/v2\/tags?post=121"}],"curies":[{"name":"wp","href":"https:\/\/api.w.org\/{rel}","templated":true}]}}