{"id":708,"date":"2025-01-28T15:39:16","date_gmt":"2025-01-28T14:39:16","guid":{"rendered":"https:\/\/mittelstandsforum.org\/bayern\/?p=708"},"modified":"2025-01-29T09:49:58","modified_gmt":"2025-01-29T08:49:58","slug":"tolle-atmosphaere-beim-politischen-fruehschoppen","status":"publish","type":"post","link":"https:\/\/mittelstandsforum.org\/bayern\/tolle-atmosphaere-beim-politischen-fruehschoppen\/","title":{"rendered":"Tolle Atmosph\u00e4re beim politischen Fr\u00fchschoppen"},"content":{"rendered":"<p>Vielen Dank f\u00fcr die Einladung von Dr. Rainer Rothfu\u00df zum politischen Fr\u00fchschoppen in Kempten.<\/p>\n<p>Das Thema lautete Mittelstand und Landwirtschaft.<\/p>\n<p>Das Interesse war sehr gro\u00df und unser MSF Vertreter in Bayern, Dr. Wolfgang D\u00f6rner, konnte einen Vortrag zum Lieferkettensorgfaltspflichtengesetz halten.<\/p>\n<p>Das Fazit des Vortrages: Unsere Wirtschaft muss aus den Klauen der EU B\u00fcrokratie befreit werden.<\/p>\n","protected":false},"excerpt":{"rendered":"<p>Vielen Dank f\u00fcr die Einladung von Dr. Rainer Rothfu\u00df zum politischen Fr\u00fchschoppen in Kempten. Das Thema lautete Mittelstand und Landwirtschaft. Das Interesse war sehr gro\u00df und unser MSF Vertreter in Bayern, Dr. Wolfgang D\u00f6rner, konnte einen Vortrag zum Lieferkettensorgfaltspflichtengesetz halten. Das Fazit des Vortrages: Unsere Wirtschaft muss aus den Klauen der EU B\u00fcrokratie befreit werden.<\/p>\n","protected":false},"author":6,"featured_media":707,"comment_status":"open","ping_status":"open","sticky":false,"template":"","format":"standard","meta":{"_acf_changed":false,"footnotes":""},"categories":[1],"tags":[],"class_list":["post-708","post","type-post","status-publish","format-standard","has-post-thumbnail","hentry","category-allgemein"],"acf":[],"_links":{"self":[{"href":"https:\/\/mittelstandsforum.org\/bayern\/wp-json\/wp\/v2\/posts\/708","targetHints":{"allow":["GET"]}}],"collection":[{"href":"https:\/\/mittelstandsforum.org\/bayern\/wp-json\/wp\/v2\/posts"}],"about":[{"href":"https:\/\/mittelstandsforum.org\/bayern\/wp-json\/wp\/v2\/types\/post"}],"author":[{"embeddable":true,"href":"https:\/\/mittelstandsforum.org\/bayern\/wp-json\/wp\/v2\/users\/6"}],"replies":[{"embeddable":true,"href":"https:\/\/mittelstandsforum.org\/bayern\/wp-json\/wp\/v2\/comments?post=708"}],"version-history":[{"count":4,"href":"https:\/\/mittelstandsforum.org\/bayern\/wp-json\/wp\/v2\/posts\/708\/revisions"}],"predecessor-version":[{"id":712,"href":"https:\/\/mittelstandsforum.org\/bayern\/wp-json\/wp\/v2\/posts\/708\/revisions\/712"}],"wp:featuredmedia":[{"embeddable":true,"href":"https:\/\/mittelstandsforum.org\/bayern\/wp-json\/wp\/v2\/media\/707"}],"wp:attachment":[{"href":"https:\/\/mittelstandsforum.org\/bayern\/wp-json\/wp\/v2\/media?parent=708"}],"wp:term":[{"taxonomy":"category","embeddable":true,"href":"https:\/\/mittelstandsforum.org\/bayern\/wp-json\/wp\/v2\/categories?post=708"},{"taxonomy":"post_tag","embeddable":true,"href":"https:\/\/mittelstandsforum.org\/bayern\/wp-json\/wp\/v2\/tags?post=708"}],"curies":[{"name":"wp","href":"https:\/\/api.w.org\/{rel}","templated":true}]}}