{"id":702,"date":"2025-01-25T12:14:58","date_gmt":"2025-01-25T11:14:58","guid":{"rendered":"https:\/\/mittelstandsforum.org\/bayern\/?p=702"},"modified":"2025-01-25T12:18:52","modified_gmt":"2025-01-25T11:18:52","slug":"702-2","status":"publish","type":"post","link":"https:\/\/mittelstandsforum.org\/bayern\/702-2\/","title":{"rendered":"Das MSF Bayern zu Gast in Kempten (Allg\u00e4u)"},"content":{"rendered":"<p>Auf Einladung des Bundestagsabgeordneten Dr. Rainer Rothfuss spricht Bayerns Vertreter des Mittelstandsforums f\u00fcr Deutschland, Dr. Wolfgang D\u00f6rner, am 26. Januar beim &#8222;politischen Fr\u00fchschoppen&#8220; in Kempten. Interessenten, Unternehmer, Handwerker und der angestellte Mittelstand sind ab 10:00 herzlich zum Informationsaustausch in das Wahlkreis von Dr. Rothfu\u00df eingeladen. Die Einladung mit der Adresse finden sie <a href=\"https:\/\/mittelstandsforum.org\/bayern\/wp-content\/uploads\/sites\/3\/2025\/01\/26.1_Fruehschoppen_Buergerdialog.jpg\"><strong>hier<\/strong><\/a>.<\/p>\n","protected":false},"excerpt":{"rendered":"<p>Auf Einladung des Bundestagsabgeordneten Dr. Rainer Rothfuss spricht Bayerns Vertreter des Mittelstandsforums f\u00fcr Deutschland, Dr. Wolfgang D\u00f6rner, am 26. Januar beim &#8222;politischen Fr\u00fchschoppen&#8220; in Kempten. Interessenten, Unternehmer, Handwerker und der angestellte Mittelstand sind ab 10:00 herzlich zum Informationsaustausch in das Wahlkreis von Dr. Rothfu\u00df eingeladen. Die Einladung mit der Adresse finden sie hier.<\/p>\n","protected":false},"author":6,"featured_media":699,"comment_status":"open","ping_status":"open","sticky":false,"template":"","format":"standard","meta":{"_acf_changed":false,"footnotes":""},"categories":[1],"tags":[],"class_list":["post-702","post","type-post","status-publish","format-standard","has-post-thumbnail","hentry","category-allgemein"],"acf":[],"_links":{"self":[{"href":"https:\/\/mittelstandsforum.org\/bayern\/wp-json\/wp\/v2\/posts\/702","targetHints":{"allow":["GET"]}}],"collection":[{"href":"https:\/\/mittelstandsforum.org\/bayern\/wp-json\/wp\/v2\/posts"}],"about":[{"href":"https:\/\/mittelstandsforum.org\/bayern\/wp-json\/wp\/v2\/types\/post"}],"author":[{"embeddable":true,"href":"https:\/\/mittelstandsforum.org\/bayern\/wp-json\/wp\/v2\/users\/6"}],"replies":[{"embeddable":true,"href":"https:\/\/mittelstandsforum.org\/bayern\/wp-json\/wp\/v2\/comments?post=702"}],"version-history":[{"count":4,"href":"https:\/\/mittelstandsforum.org\/bayern\/wp-json\/wp\/v2\/posts\/702\/revisions"}],"predecessor-version":[{"id":706,"href":"https:\/\/mittelstandsforum.org\/bayern\/wp-json\/wp\/v2\/posts\/702\/revisions\/706"}],"wp:featuredmedia":[{"embeddable":true,"href":"https:\/\/mittelstandsforum.org\/bayern\/wp-json\/wp\/v2\/media\/699"}],"wp:attachment":[{"href":"https:\/\/mittelstandsforum.org\/bayern\/wp-json\/wp\/v2\/media?parent=702"}],"wp:term":[{"taxonomy":"category","embeddable":true,"href":"https:\/\/mittelstandsforum.org\/bayern\/wp-json\/wp\/v2\/categories?post=702"},{"taxonomy":"post_tag","embeddable":true,"href":"https:\/\/mittelstandsforum.org\/bayern\/wp-json\/wp\/v2\/tags?post=702"}],"curies":[{"name":"wp","href":"https:\/\/api.w.org\/{rel}","templated":true}]}}