{"id":692,"date":"2024-10-29T10:41:02","date_gmt":"2024-10-29T09:41:02","guid":{"rendered":"https:\/\/mittelstandsforum.org\/bayern\/?p=692"},"modified":"2024-10-29T16:06:07","modified_gmt":"2024-10-29T15:06:07","slug":"veranstaltung-in-nuernberg","status":"publish","type":"post","link":"https:\/\/mittelstandsforum.org\/bayern\/veranstaltung-in-nuernberg\/","title":{"rendered":"Veranstaltung in N\u00fcrnberg"},"content":{"rendered":"<p>Vielen Dank f\u00fcr die Einladung. Eine gelungene Veranstaltung mit interessierten G\u00e4sten und tollen Beitr\u00e4gen.<\/p>\n<p>Deutschland braucht den Mittelstand. Und der Mittelstand braucht eine zuverl\u00e4ssige Regierung.<\/p>\n<p>&nbsp;<\/p>\n","protected":false},"excerpt":{"rendered":"<p>Vielen Dank f\u00fcr die Einladung. Eine gelungene Veranstaltung mit interessierten G\u00e4sten und tollen Beitr\u00e4gen. Deutschland braucht den Mittelstand. Und der Mittelstand braucht eine zuverl\u00e4ssige Regierung. &nbsp;<\/p>\n","protected":false},"author":6,"featured_media":691,"comment_status":"open","ping_status":"open","sticky":false,"template":"","format":"standard","meta":{"_acf_changed":false,"footnotes":""},"categories":[1],"tags":[],"class_list":["post-692","post","type-post","status-publish","format-standard","has-post-thumbnail","hentry","category-allgemein"],"acf":[],"_links":{"self":[{"href":"https:\/\/mittelstandsforum.org\/bayern\/wp-json\/wp\/v2\/posts\/692","targetHints":{"allow":["GET"]}}],"collection":[{"href":"https:\/\/mittelstandsforum.org\/bayern\/wp-json\/wp\/v2\/posts"}],"about":[{"href":"https:\/\/mittelstandsforum.org\/bayern\/wp-json\/wp\/v2\/types\/post"}],"author":[{"embeddable":true,"href":"https:\/\/mittelstandsforum.org\/bayern\/wp-json\/wp\/v2\/users\/6"}],"replies":[{"embeddable":true,"href":"https:\/\/mittelstandsforum.org\/bayern\/wp-json\/wp\/v2\/comments?post=692"}],"version-history":[{"count":1,"href":"https:\/\/mittelstandsforum.org\/bayern\/wp-json\/wp\/v2\/posts\/692\/revisions"}],"predecessor-version":[{"id":693,"href":"https:\/\/mittelstandsforum.org\/bayern\/wp-json\/wp\/v2\/posts\/692\/revisions\/693"}],"wp:featuredmedia":[{"embeddable":true,"href":"https:\/\/mittelstandsforum.org\/bayern\/wp-json\/wp\/v2\/media\/691"}],"wp:attachment":[{"href":"https:\/\/mittelstandsforum.org\/bayern\/wp-json\/wp\/v2\/media?parent=692"}],"wp:term":[{"taxonomy":"category","embeddable":true,"href":"https:\/\/mittelstandsforum.org\/bayern\/wp-json\/wp\/v2\/categories?post=692"},{"taxonomy":"post_tag","embeddable":true,"href":"https:\/\/mittelstandsforum.org\/bayern\/wp-json\/wp\/v2\/tags?post=692"}],"curies":[{"name":"wp","href":"https:\/\/api.w.org\/{rel}","templated":true}]}}