{"id":681,"date":"2024-10-03T17:40:00","date_gmt":"2024-10-03T15:40:00","guid":{"rendered":"https:\/\/mittelstandsforum.org\/bayern\/?p=681"},"modified":"2024-10-03T18:09:53","modified_gmt":"2024-10-03T16:09:53","slug":"das-msf-im-allgaeu","status":"publish","type":"post","link":"https:\/\/mittelstandsforum.org\/bayern\/das-msf-im-allgaeu\/","title":{"rendered":"Das MSF im Allg\u00e4u"},"content":{"rendered":"<p>Am 01.10.2024 war das Mittelstandsforum f\u00fcr Deutschland e.V. (MSF) ins Allg\u00e4u eingeladen. In einer traditionellen Gastwirtschaft nahe des Bodensees, wurden das neue 10-Punkte Thesenpapier des MSF vorstellt. Die Bundestagsabgeordneten Dr. Rainer Rothfu\u00df und Peter Felser waren anwesend und standen den Besucher f\u00fcr Fragen zur Verf\u00fcgung. Referent f\u00fcr das Mittelstandsforum war Sebastian Schulze aus NRW. Wir begr\u00fc\u00dfen auch die neuen MSF-Mitglieder die an dem Abend beigetreten sind, u.a. den MdB und Initiator des Abends Dr. Rainer Rothfu\u00df!<\/p>\n","protected":false},"excerpt":{"rendered":"<p>Am 01.10.2024 war das Mittelstandsforum f\u00fcr Deutschland e.V. (MSF) ins Allg\u00e4u eingeladen. In einer traditionellen Gastwirtschaft nahe des Bodensees, wurden das neue 10-Punkte Thesenpapier des MSF vorstellt. Die Bundestagsabgeordneten Dr. Rainer Rothfu\u00df und Peter Felser waren anwesend und standen den Besucher f\u00fcr Fragen zur Verf\u00fcgung. Referent f\u00fcr das Mittelstandsforum war Sebastian Schulze aus NRW. Wir [&hellip;]<\/p>\n","protected":false},"author":6,"featured_media":680,"comment_status":"open","ping_status":"open","sticky":false,"template":"","format":"standard","meta":{"_acf_changed":false,"footnotes":""},"categories":[1],"tags":[],"class_list":["post-681","post","type-post","status-publish","format-standard","has-post-thumbnail","hentry","category-allgemein"],"acf":[],"_links":{"self":[{"href":"https:\/\/mittelstandsforum.org\/bayern\/wp-json\/wp\/v2\/posts\/681","targetHints":{"allow":["GET"]}}],"collection":[{"href":"https:\/\/mittelstandsforum.org\/bayern\/wp-json\/wp\/v2\/posts"}],"about":[{"href":"https:\/\/mittelstandsforum.org\/bayern\/wp-json\/wp\/v2\/types\/post"}],"author":[{"embeddable":true,"href":"https:\/\/mittelstandsforum.org\/bayern\/wp-json\/wp\/v2\/users\/6"}],"replies":[{"embeddable":true,"href":"https:\/\/mittelstandsforum.org\/bayern\/wp-json\/wp\/v2\/comments?post=681"}],"version-history":[{"count":4,"href":"https:\/\/mittelstandsforum.org\/bayern\/wp-json\/wp\/v2\/posts\/681\/revisions"}],"predecessor-version":[{"id":685,"href":"https:\/\/mittelstandsforum.org\/bayern\/wp-json\/wp\/v2\/posts\/681\/revisions\/685"}],"wp:featuredmedia":[{"embeddable":true,"href":"https:\/\/mittelstandsforum.org\/bayern\/wp-json\/wp\/v2\/media\/680"}],"wp:attachment":[{"href":"https:\/\/mittelstandsforum.org\/bayern\/wp-json\/wp\/v2\/media?parent=681"}],"wp:term":[{"taxonomy":"category","embeddable":true,"href":"https:\/\/mittelstandsforum.org\/bayern\/wp-json\/wp\/v2\/categories?post=681"},{"taxonomy":"post_tag","embeddable":true,"href":"https:\/\/mittelstandsforum.org\/bayern\/wp-json\/wp\/v2\/tags?post=681"}],"curies":[{"name":"wp","href":"https:\/\/api.w.org\/{rel}","templated":true}]}}