{"id":677,"date":"2024-09-28T18:34:27","date_gmt":"2024-09-28T16:34:27","guid":{"rendered":"https:\/\/mittelstandsforum.org\/bayern\/?p=677"},"modified":"2024-09-28T19:05:24","modified_gmt":"2024-09-28T17:05:24","slug":"das-msf-bayern-laedt-zur-veranstaltung-ins-allgaeu","status":"publish","type":"post","link":"https:\/\/mittelstandsforum.org\/bayern\/das-msf-bayern-laedt-zur-veranstaltung-ins-allgaeu\/","title":{"rendered":"Das MSF-Bayern l\u00e4dt zur Veranstaltung ins Allg\u00e4u"},"content":{"rendered":"<p>Das Mittelstandsforum f\u00fcr Deutschland e.V. l\u00e4dt am 01. Oktober 2024 auf\u00a0 Initiative des AfD Kreuzverbandes Westallg\u00e4u-Lindau zur zur Gr\u00fcndung der<\/p>\n<p>MSF Region Allg\u00e4u-Bodensee. Referenten sind Dr. Wolfgang D\u00f6rner undSebastian Schulze aus dem MSF Bundesvorstand. Interessierte G\u00e4ste sind<\/p>\n<p>herzliche eingeladen. Die Adresse lautet: Landhaus Stiefenhofer (ehemalig Gastwirtschaft), Itzlings 12 in 88145 Hergatz<\/p>\n","protected":false},"excerpt":{"rendered":"<p>Das Mittelstandsforum f\u00fcr Deutschland e.V. l\u00e4dt am 01. Oktober 2024 auf\u00a0 Initiative des AfD Kreuzverbandes Westallg\u00e4u-Lindau zur zur Gr\u00fcndung der MSF Region Allg\u00e4u-Bodensee. Referenten sind Dr. Wolfgang D\u00f6rner undSebastian Schulze aus dem MSF Bundesvorstand. Interessierte G\u00e4ste sind herzliche eingeladen. Die Adresse lautet: Landhaus Stiefenhofer (ehemalig Gastwirtschaft), Itzlings 12 in 88145 Hergatz<\/p>\n","protected":false},"author":6,"featured_media":673,"comment_status":"open","ping_status":"open","sticky":false,"template":"","format":"standard","meta":{"_acf_changed":false,"footnotes":""},"categories":[1],"tags":[],"class_list":["post-677","post","type-post","status-publish","format-standard","has-post-thumbnail","hentry","category-allgemein"],"acf":[],"_links":{"self":[{"href":"https:\/\/mittelstandsforum.org\/bayern\/wp-json\/wp\/v2\/posts\/677","targetHints":{"allow":["GET"]}}],"collection":[{"href":"https:\/\/mittelstandsforum.org\/bayern\/wp-json\/wp\/v2\/posts"}],"about":[{"href":"https:\/\/mittelstandsforum.org\/bayern\/wp-json\/wp\/v2\/types\/post"}],"author":[{"embeddable":true,"href":"https:\/\/mittelstandsforum.org\/bayern\/wp-json\/wp\/v2\/users\/6"}],"replies":[{"embeddable":true,"href":"https:\/\/mittelstandsforum.org\/bayern\/wp-json\/wp\/v2\/comments?post=677"}],"version-history":[{"count":2,"href":"https:\/\/mittelstandsforum.org\/bayern\/wp-json\/wp\/v2\/posts\/677\/revisions"}],"predecessor-version":[{"id":679,"href":"https:\/\/mittelstandsforum.org\/bayern\/wp-json\/wp\/v2\/posts\/677\/revisions\/679"}],"wp:featuredmedia":[{"embeddable":true,"href":"https:\/\/mittelstandsforum.org\/bayern\/wp-json\/wp\/v2\/media\/673"}],"wp:attachment":[{"href":"https:\/\/mittelstandsforum.org\/bayern\/wp-json\/wp\/v2\/media?parent=677"}],"wp:term":[{"taxonomy":"category","embeddable":true,"href":"https:\/\/mittelstandsforum.org\/bayern\/wp-json\/wp\/v2\/categories?post=677"},{"taxonomy":"post_tag","embeddable":true,"href":"https:\/\/mittelstandsforum.org\/bayern\/wp-json\/wp\/v2\/tags?post=677"}],"curies":[{"name":"wp","href":"https:\/\/api.w.org\/{rel}","templated":true}]}}