{"id":674,"date":"2024-09-26T18:24:05","date_gmt":"2024-09-26T16:24:05","guid":{"rendered":"https:\/\/mittelstandsforum.org\/bayern\/?p=674"},"modified":"2024-09-28T18:27:28","modified_gmt":"2024-09-28T16:27:28","slug":"gruene-haben-deutschland-zerstoert","status":"publish","type":"post","link":"https:\/\/mittelstandsforum.org\/bayern\/gruene-haben-deutschland-zerstoert\/","title":{"rendered":"Gr\u00fcne haben Deutschland zerst\u00f6rt"},"content":{"rendered":"<p>Dr. Wolfgang D\u00f6rner, Landesvorsitzender des Mittelstandsforums f\u00fcr Deutschland e.V. in Bayern, bringt es auf den Punkt.<\/p>\n<p>Die Gr\u00fcnen haben Deutschland ins v\u00f6llige Chaos gest\u00fcrzt. Das Land muss neu aufgebaut werden.<\/p>\n<p>Dazu hat der Bundesvorstand das Mittelstandsforum f\u00fcr Deutschland e.V. einen 10-Pukte Plan verfasst.<\/p>\n<p>Diesen finden Sie <a href=\"https:\/\/mittelstandsforum.org\/wp-content\/uploads\/2024\/09\/MSF_10-Punkte-zur-Rettung-Deutschlands.pdf\"><strong>hier<\/strong><\/a>.<\/p>\n","protected":false},"excerpt":{"rendered":"<p>Dr. Wolfgang D\u00f6rner, Landesvorsitzender des Mittelstandsforums f\u00fcr Deutschland e.V. in Bayern, bringt es auf den Punkt. Die Gr\u00fcnen haben Deutschland ins v\u00f6llige Chaos gest\u00fcrzt. Das Land muss neu aufgebaut werden. Dazu hat der Bundesvorstand das Mittelstandsforum f\u00fcr Deutschland e.V. einen 10-Pukte Plan verfasst. Diesen finden Sie hier.<\/p>\n","protected":false},"author":6,"featured_media":672,"comment_status":"open","ping_status":"open","sticky":false,"template":"","format":"standard","meta":{"_acf_changed":false,"footnotes":""},"categories":[1],"tags":[],"class_list":["post-674","post","type-post","status-publish","format-standard","has-post-thumbnail","hentry","category-allgemein"],"acf":[],"_links":{"self":[{"href":"https:\/\/mittelstandsforum.org\/bayern\/wp-json\/wp\/v2\/posts\/674","targetHints":{"allow":["GET"]}}],"collection":[{"href":"https:\/\/mittelstandsforum.org\/bayern\/wp-json\/wp\/v2\/posts"}],"about":[{"href":"https:\/\/mittelstandsforum.org\/bayern\/wp-json\/wp\/v2\/types\/post"}],"author":[{"embeddable":true,"href":"https:\/\/mittelstandsforum.org\/bayern\/wp-json\/wp\/v2\/users\/6"}],"replies":[{"embeddable":true,"href":"https:\/\/mittelstandsforum.org\/bayern\/wp-json\/wp\/v2\/comments?post=674"}],"version-history":[{"count":2,"href":"https:\/\/mittelstandsforum.org\/bayern\/wp-json\/wp\/v2\/posts\/674\/revisions"}],"predecessor-version":[{"id":676,"href":"https:\/\/mittelstandsforum.org\/bayern\/wp-json\/wp\/v2\/posts\/674\/revisions\/676"}],"wp:featuredmedia":[{"embeddable":true,"href":"https:\/\/mittelstandsforum.org\/bayern\/wp-json\/wp\/v2\/media\/672"}],"wp:attachment":[{"href":"https:\/\/mittelstandsforum.org\/bayern\/wp-json\/wp\/v2\/media?parent=674"}],"wp:term":[{"taxonomy":"category","embeddable":true,"href":"https:\/\/mittelstandsforum.org\/bayern\/wp-json\/wp\/v2\/categories?post=674"},{"taxonomy":"post_tag","embeddable":true,"href":"https:\/\/mittelstandsforum.org\/bayern\/wp-json\/wp\/v2\/tags?post=674"}],"curies":[{"name":"wp","href":"https:\/\/api.w.org\/{rel}","templated":true}]}}