{"id":27,"date":"2026-01-20T10:54:37","date_gmt":"2026-01-20T09:54:37","guid":{"rendered":"https:\/\/mittelstandsforum.org\/baden-wuerttemberg\/?p=27"},"modified":"2026-01-20T12:42:55","modified_gmt":"2026-01-20T11:42:55","slug":"unternehmerabend-im-kreis-heilbronn","status":"publish","type":"post","link":"https:\/\/mittelstandsforum.org\/baden-wuerttemberg\/unternehmerabend-im-kreis-heilbronn\/","title":{"rendered":"Unternehmerabend im Kreis Heilbronn"},"content":{"rendered":"<p>Am Freitag, den 30.01.2026 findet im Kreis Heilbronn ein Unternehmerabend statt. Das Mittelstandsforum f\u00fcr Deutschland e.V. (MSF) organisiert unter Leitung der MSF-Repr\u00e4sentantin Carola Wolle diese Veranstaltung. Als Gastreferent ist der Wirtschaftspolitische Sprecher der AfD aus dem Th\u00fcringer Landtag, Unternehmer J\u00f6rg Prophet, geladen. Details entnehmen Sie bitte der nebenstehenden Einladungsgrafik. Anmeldungen senden Sie bitte an: <a href=\"mailto:badenwuettemberg@mittelstandsforum.org\">badenwuerttemberg@mittelstandsforum.org <\/a><\/p>\n","protected":false},"excerpt":{"rendered":"<p>Am Freitag, den 30.01.2026 findet im Kreis Heilbronn ein Unternehmerabend statt. Das Mittelstandsforum f\u00fcr Deutschland e.V. (MSF) organisiert unter Leitung der MSF-Repr\u00e4sentantin Carola Wolle diese Veranstaltung. Als Gastreferent ist der Wirtschaftspolitische Sprecher der AfD aus dem Th\u00fcringer Landtag, Unternehmer J\u00f6rg Prophet, geladen. Details entnehmen Sie bitte der nebenstehenden Einladungsgrafik. Anmeldungen senden Sie bitte an: badenwuerttemberg@mittelstandsforum.org<\/p>\n","protected":false},"author":18,"featured_media":29,"comment_status":"open","ping_status":"open","sticky":false,"template":"","format":"standard","meta":{"_acf_changed":false,"footnotes":""},"categories":[1],"tags":[],"class_list":["post-27","post","type-post","status-publish","format-standard","has-post-thumbnail","hentry","category-allgemein"],"acf":[],"_links":{"self":[{"href":"https:\/\/mittelstandsforum.org\/baden-wuerttemberg\/wp-json\/wp\/v2\/posts\/27","targetHints":{"allow":["GET"]}}],"collection":[{"href":"https:\/\/mittelstandsforum.org\/baden-wuerttemberg\/wp-json\/wp\/v2\/posts"}],"about":[{"href":"https:\/\/mittelstandsforum.org\/baden-wuerttemberg\/wp-json\/wp\/v2\/types\/post"}],"author":[{"embeddable":true,"href":"https:\/\/mittelstandsforum.org\/baden-wuerttemberg\/wp-json\/wp\/v2\/users\/18"}],"replies":[{"embeddable":true,"href":"https:\/\/mittelstandsforum.org\/baden-wuerttemberg\/wp-json\/wp\/v2\/comments?post=27"}],"version-history":[{"count":6,"href":"https:\/\/mittelstandsforum.org\/baden-wuerttemberg\/wp-json\/wp\/v2\/posts\/27\/revisions"}],"predecessor-version":[{"id":34,"href":"https:\/\/mittelstandsforum.org\/baden-wuerttemberg\/wp-json\/wp\/v2\/posts\/27\/revisions\/34"}],"wp:featuredmedia":[{"embeddable":true,"href":"https:\/\/mittelstandsforum.org\/baden-wuerttemberg\/wp-json\/wp\/v2\/media\/29"}],"wp:attachment":[{"href":"https:\/\/mittelstandsforum.org\/baden-wuerttemberg\/wp-json\/wp\/v2\/media?parent=27"}],"wp:term":[{"taxonomy":"category","embeddable":true,"href":"https:\/\/mittelstandsforum.org\/baden-wuerttemberg\/wp-json\/wp\/v2\/categories?post=27"},{"taxonomy":"post_tag","embeddable":true,"href":"https:\/\/mittelstandsforum.org\/baden-wuerttemberg\/wp-json\/wp\/v2\/tags?post=27"}],"curies":[{"name":"wp","href":"https:\/\/api.w.org\/{rel}","templated":true}]}}